{"id":1953,"date":"2020-08-24T21:03:34","date_gmt":"2020-08-24T21:03:34","guid":{"rendered":"http:\/\/ostersundpride.se\/?p=1953"},"modified":"2020-09-08T19:58:21","modified_gmt":"2020-09-08T19:58:21","slug":"reportageserie","status":"publish","type":"post","link":"https:\/\/ostersundpride.se\/sma\/reportageserie\/","title":{"rendered":"Reportageserie"},"content":{"rendered":"<p><img loading=\"lazy\" decoding=\"async\" class=\"alignnone size-large wp-image-1649\" src=\"http:\/\/media.ostersundpride.se\/2020\/08\/DSC_5192-scaled-e1598283005345-1024x576.jpg\" alt=\"\" width=\"1024\" height=\"576\" srcset=\"https:\/\/ostersundpride.se\/wp-content\/uploads\/2020\/08\/DSC_5192-scaled-e1598283005345-1024x576.jpg 1024w, https:\/\/ostersundpride.se\/wp-content\/uploads\/2020\/08\/DSC_5192-scaled-e1598283005345-300x169.jpg 300w, https:\/\/ostersundpride.se\/wp-content\/uploads\/2020\/08\/DSC_5192-scaled-e1598283005345-768x432.jpg 768w, https:\/\/ostersundpride.se\/wp-content\/uploads\/2020\/08\/DSC_5192-scaled-e1598283005345-1536x864.jpg 1536w, https:\/\/ostersundpride.se\/wp-content\/uploads\/2020\/08\/DSC_5192-scaled-e1598283005345-2048x1152.jpg 2048w, https:\/\/ostersundpride.se\/wp-content\/uploads\/2020\/08\/DSC_5192-scaled-e1598283005345-1110x624.jpg 1110w, https:\/\/ostersundpride.se\/wp-content\/uploads\/2020\/08\/DSC_5192-scaled-e1598283005345-528x297.jpg 528w\" sizes=\"auto, (max-width: 1024px) 100vw, 1024px\" \/><\/p>\n<p>Under prideveckan kommer vi att \u00e5ka ut i J\u00e4mtland H\u00e4rjedalen och tr\u00e4ffa olika hbtqi-personer. Vi vill se hur deras vardag ser ut i staden och p\u00e5 glesbygden.<\/p>\n<p>Kopplat till \u00e5rets tema <em>V\u00e4lkommen hem, v\u00e4lkommen<\/em> ut vill vi utforska aspekter kring vad som kr\u00e4vs f\u00f6r att man ska k\u00e4nna sig trygg, familj\u00e4r och kunna bo och verka d\u00e4r man \u00e4r. Samt den dubbla betydelsen i att \u201dkomma ut\u201d som hbtqi och andra sidan kring friluftsliv och isolering.<\/p>\n<p>Publiceringen av reportagen kommer ske kontinuerligt under prideveckan och kanske \u00e4ven fram\u00e5t h\u00f6sten.<\/p>\n<p><strong>Del 1: <a href=\"http:\/\/ostersundpride.se\/sma\/reportageserie-byggbogarna\/\">Byggb\u00f6garna<\/a><\/strong><\/p>\n<p><strong>Del 2: <a href=\"http:\/\/ostersundpride.se\/sma\/reportageserie-lorena\/\">Lorena<\/a><\/strong><\/p>\n<p><strong>Del 3: <a href=\"http:\/\/ostersundpride.se\/sma\/reportageserie-anne-elenor\/\">Anne &amp; Elenor<\/a><\/strong><\/p>\n<p><strong>Del 4: <a href=\"http:\/\/ostersundpride.se\/sma\/reportageserie-christina\/\">Christina<\/a><\/strong><\/p>\n<p>\u00a0<\/p>\n\n\n<p><\/p>","protected":false},"excerpt":{"rendered":"<p>Under prideveckan kommer vi att \u00e5ka ut i J\u00e4mtland H\u00e4rjedalen och tr\u00e4ffa olika hbtqi-personer. Vi vill se hur deras vardag ser ut i staden och p\u00e5 glesbygden. Kopplat till \u00e5rets tema V\u00e4lkommen hem, v\u00e4lkommen ut vill vi utforska aspekter kring vad som kr\u00e4vs f\u00f6r att man ska k\u00e4nna sig trygg, familj\u00e4r och kunna bo och [&hellip;]<\/p>\n","protected":false},"author":3,"featured_media":0,"comment_status":"open","ping_status":"open","sticky":false,"template":"","format":"standard","meta":{"footnotes":""},"categories":[22],"tags":[],"class_list":{"0":"post-1953","1":"post","2":"type-post","3":"status-publish","4":"format-standard","6":"category-reportageserie","7":"czr-hentry"},"_links":{"self":[{"href":"https:\/\/ostersundpride.se\/sma\/wp-json\/wp\/v2\/posts\/1953","targetHints":{"allow":["GET"]}}],"collection":[{"href":"https:\/\/ostersundpride.se\/sma\/wp-json\/wp\/v2\/posts"}],"about":[{"href":"https:\/\/ostersundpride.se\/sma\/wp-json\/wp\/v2\/types\/post"}],"author":[{"embeddable":true,"href":"https:\/\/ostersundpride.se\/sma\/wp-json\/wp\/v2\/users\/3"}],"replies":[{"embeddable":true,"href":"https:\/\/ostersundpride.se\/sma\/wp-json\/wp\/v2\/comments?post=1953"}],"version-history":[{"count":5,"href":"https:\/\/ostersundpride.se\/sma\/wp-json\/wp\/v2\/posts\/1953\/revisions"}],"predecessor-version":[{"id":2476,"href":"https:\/\/ostersundpride.se\/sma\/wp-json\/wp\/v2\/posts\/1953\/revisions\/2476"}],"wp:attachment":[{"href":"https:\/\/ostersundpride.se\/sma\/wp-json\/wp\/v2\/media?parent=1953"}],"wp:term":[{"taxonomy":"category","embeddable":true,"href":"https:\/\/ostersundpride.se\/sma\/wp-json\/wp\/v2\/categories?post=1953"},{"taxonomy":"post_tag","embeddable":true,"href":"https:\/\/ostersundpride.se\/sma\/wp-json\/wp\/v2\/tags?post=1953"}],"curies":[{"name":"wp","href":"https:\/\/api.w.org\/{rel}","templated":true}]}}