{"id":2458,"date":"2020-09-08T19:51:39","date_gmt":"2020-09-08T19:51:39","guid":{"rendered":"http:\/\/ostersundpride.se\/?p=2458"},"modified":"2021-06-15T23:11:06","modified_gmt":"2021-06-15T23:11:06","slug":"reportageserie-christina","status":"publish","type":"post","link":"https:\/\/ostersundpride.se\/sma\/reportageserie-christina\/","title":{"rendered":"Reportageserie: Christina"},"content":{"rendered":"<style>.sb-embed-container { position: relative; padding: 0 0 56.25% 0; height: 0; } .sb-embed-container iframe { border: 0; position: absolute; top: 0; left: 0; width: 100%; height: 100%; }<\/style><div class=\"sb-embed-container\"><iframe src=\"https:\/\/ostersundstaarenpride.streamify.io\/play\/player\/1303402951783481344?embed\" frameborder=\"0\" allowfullscreen=\"\"><\/iframe><\/div>\n\n\n\n<p class=\"has-pale-pink-background-color has-background\" style=\"font-size:15px\">St\u00f6d g\u00e4rna \u00d6stersund Staaren Pride. Donera ett bidrag i klippet ovan f\u00f6r ett inkluderande J\u00e4mtland H\u00e4rjedalen!<\/p>\n\n\n<p>Under prideveckan kommer vi att \u00e5ka ut i J\u00e4mtland H\u00e4rjedalen och tr\u00e4ffa olika hbtqi-personer. Vi vill se hur deras vardag ser ut i staden och p\u00e5 glesbygden.<\/p>\n<p><img loading=\"lazy\" decoding=\"async\" class=\"aligncenter size-large wp-image-2463\" src=\"http:\/\/media.ostersundpride.se\/2020\/09\/WSZ_1349-1024x682.jpg\" alt=\"\" width=\"1024\" height=\"682\" srcset=\"https:\/\/ostersundpride.se\/wp-content\/uploads\/2020\/09\/WSZ_1349-1024x682.jpg 1024w, https:\/\/ostersundpride.se\/wp-content\/uploads\/2020\/09\/WSZ_1349-300x200.jpg 300w, https:\/\/ostersundpride.se\/wp-content\/uploads\/2020\/09\/WSZ_1349-768x511.jpg 768w, https:\/\/ostersundpride.se\/wp-content\/uploads\/2020\/09\/WSZ_1349-1536x1022.jpg 1536w, https:\/\/ostersundpride.se\/wp-content\/uploads\/2020\/09\/WSZ_1349-2048x1363.jpg 2048w\" sizes=\"auto, (max-width: 1024px) 100vw, 1024px\" \/><\/p>\n<p>Ett tag efter att Christina kom ut som lesbisk f\u00f6r sin mamma fick hen en bildekal d\u00e4r det stod \u201dDet g\u00e5r inte \u00f6ver &#8211; Lesbiska pension\u00e4rsf\u00f6reningen\u201d.<\/p>\n<p><img loading=\"lazy\" decoding=\"async\" class=\"aligncenter size-large wp-image-2462\" src=\"http:\/\/media.ostersundpride.se\/2020\/09\/WSZ_1307-682x1024.jpg\" alt=\"\" width=\"682\" height=\"1024\" srcset=\"https:\/\/ostersundpride.se\/wp-content\/uploads\/2020\/09\/WSZ_1307-682x1024.jpg 682w, https:\/\/ostersundpride.se\/wp-content\/uploads\/2020\/09\/WSZ_1307-200x300.jpg 200w, https:\/\/ostersundpride.se\/wp-content\/uploads\/2020\/09\/WSZ_1307-768x1154.jpg 768w, https:\/\/ostersundpride.se\/wp-content\/uploads\/2020\/09\/WSZ_1307-1022x1536.jpg 1022w, https:\/\/ostersundpride.se\/wp-content\/uploads\/2020\/09\/WSZ_1307-1363x2048.jpg 1363w, https:\/\/ostersundpride.se\/wp-content\/uploads\/2020\/09\/WSZ_1307.jpg 1664w\" sizes=\"auto, (max-width: 682px) 100vw, 682px\" \/><\/p>\n<p>Efter flera \u00e5r i stora st\u00e4der tr\u00f6ttnade hen och flyttade hem till \u00d6stersund igen. Christina \u00e4r 72 \u00e5r och trivs fortfarande bra i J\u00e4mtland.<\/p>\n<p><img loading=\"lazy\" decoding=\"async\" class=\"aligncenter size-large wp-image-2460\" src=\"http:\/\/media.ostersundpride.se\/2020\/09\/WSZ_7149-1024x684.jpg\" alt=\"\" width=\"1024\" height=\"684\" srcset=\"https:\/\/ostersundpride.se\/wp-content\/uploads\/2020\/09\/WSZ_7149-1024x684.jpg 1024w, https:\/\/ostersundpride.se\/wp-content\/uploads\/2020\/09\/WSZ_7149-300x200.jpg 300w, https:\/\/ostersundpride.se\/wp-content\/uploads\/2020\/09\/WSZ_7149-768x513.jpg 768w, https:\/\/ostersundpride.se\/wp-content\/uploads\/2020\/09\/WSZ_7149-1536x1025.jpg 1536w, https:\/\/ostersundpride.se\/wp-content\/uploads\/2020\/09\/WSZ_7149-2048x1367.jpg 2048w\" sizes=\"auto, (max-width: 1024px) 100vw, 1024px\" \/><\/p>\n<p>Christina var med och startade RFSL J\u00e4mtland H\u00e4rjedalen 1989 och har varit v\u00e4ldigt engagerad i hbtqi-r\u00f6relsen.<\/p>\n<p><img loading=\"lazy\" decoding=\"async\" class=\"aligncenter size-large wp-image-2461\" src=\"http:\/\/media.ostersundpride.se\/2020\/09\/WSZ_1355-682x1024.jpg\" alt=\"\" width=\"682\" height=\"1024\" srcset=\"https:\/\/ostersundpride.se\/wp-content\/uploads\/2020\/09\/WSZ_1355-682x1024.jpg 682w, https:\/\/ostersundpride.se\/wp-content\/uploads\/2020\/09\/WSZ_1355-200x300.jpg 200w, https:\/\/ostersundpride.se\/wp-content\/uploads\/2020\/09\/WSZ_1355-768x1154.jpg 768w, https:\/\/ostersundpride.se\/wp-content\/uploads\/2020\/09\/WSZ_1355-1022x1536.jpg 1022w, https:\/\/ostersundpride.se\/wp-content\/uploads\/2020\/09\/WSZ_1355-1363x2048.jpg 1363w, https:\/\/ostersundpride.se\/wp-content\/uploads\/2020\/09\/WSZ_1355.jpg 1664w\" sizes=\"auto, (max-width: 682px) 100vw, 682px\" \/><\/p>\n\n\n<p><\/p>","protected":false},"excerpt":{"rendered":"<p>St\u00f6d g\u00e4rna \u00d6stersund Staaren Pride. Donera ett bidrag i klippet ovan f\u00f6r ett inkluderande J\u00e4mtland H\u00e4rjedalen! Under prideveckan kommer vi att \u00e5ka ut i J\u00e4mtland H\u00e4rjedalen och tr\u00e4ffa olika hbtqi-personer. Vi vill se hur deras vardag ser ut i staden och p\u00e5 glesbygden. Ett tag efter att Christina kom ut som lesbisk f\u00f6r sin mamma [&hellip;]<\/p>\n","protected":false},"author":3,"featured_media":2472,"comment_status":"open","ping_status":"open","sticky":false,"template":"","format":"standard","meta":{"footnotes":""},"categories":[22],"tags":[],"class_list":{"0":"post-2458","1":"post","2":"type-post","3":"status-publish","4":"format-standard","5":"has-post-thumbnail","7":"category-reportageserie","8":"czr-hentry"},"_links":{"self":[{"href":"https:\/\/ostersundpride.se\/sma\/wp-json\/wp\/v2\/posts\/2458","targetHints":{"allow":["GET"]}}],"collection":[{"href":"https:\/\/ostersundpride.se\/sma\/wp-json\/wp\/v2\/posts"}],"about":[{"href":"https:\/\/ostersundpride.se\/sma\/wp-json\/wp\/v2\/types\/post"}],"author":[{"embeddable":true,"href":"https:\/\/ostersundpride.se\/sma\/wp-json\/wp\/v2\/users\/3"}],"replies":[{"embeddable":true,"href":"https:\/\/ostersundpride.se\/sma\/wp-json\/wp\/v2\/comments?post=2458"}],"version-history":[{"count":4,"href":"https:\/\/ostersundpride.se\/sma\/wp-json\/wp\/v2\/posts\/2458\/revisions"}],"predecessor-version":[{"id":2671,"href":"https:\/\/ostersundpride.se\/sma\/wp-json\/wp\/v2\/posts\/2458\/revisions\/2671"}],"wp:featuredmedia":[{"embeddable":true,"href":"https:\/\/ostersundpride.se\/sma\/wp-json\/wp\/v2\/media\/2472"}],"wp:attachment":[{"href":"https:\/\/ostersundpride.se\/sma\/wp-json\/wp\/v2\/media?parent=2458"}],"wp:term":[{"taxonomy":"category","embeddable":true,"href":"https:\/\/ostersundpride.se\/sma\/wp-json\/wp\/v2\/categories?post=2458"},{"taxonomy":"post_tag","embeddable":true,"href":"https:\/\/ostersundpride.se\/sma\/wp-json\/wp\/v2\/tags?post=2458"}],"curies":[{"name":"wp","href":"https:\/\/api.w.org\/{rel}","templated":true}]}}