{"id":2552,"date":"2021-05-21T02:13:48","date_gmt":"2021-05-21T02:13:48","guid":{"rendered":"http:\/\/ostersundpride.se\/?p=2552"},"modified":"2021-05-21T04:00:57","modified_gmt":"2021-05-21T04:00:57","slug":"om-arets-tema","status":"publish","type":"post","link":"https:\/\/ostersundpride.se\/sma\/om-arets-tema\/","title":{"rendered":"Om \u00e5rets tema"},"content":{"rendered":"<figure class=\"wp-block-image size-large\"><img loading=\"lazy\" decoding=\"async\" width=\"1024\" height=\"517\" src=\"http:\/\/media.ostersundpride.se\/2020\/06\/Fj\u00e4llvy-2-Fr\u00f6s\u00f6n-Foto-G\u00f6ran-Strand-1024x517.jpg\" alt=\"\" class=\"wp-image-1203\" srcset=\"https:\/\/ostersundpride.se\/wp-content\/uploads\/2020\/06\/Fj\u00e4llvy-2-Fr\u00f6s\u00f6n-Foto-G\u00f6ran-Strand-1024x517.jpg 1024w, https:\/\/ostersundpride.se\/wp-content\/uploads\/2020\/06\/Fj\u00e4llvy-2-Fr\u00f6s\u00f6n-Foto-G\u00f6ran-Strand-300x152.jpg 300w, https:\/\/ostersundpride.se\/wp-content\/uploads\/2020\/06\/Fj\u00e4llvy-2-Fr\u00f6s\u00f6n-Foto-G\u00f6ran-Strand-768x388.jpg 768w, https:\/\/ostersundpride.se\/wp-content\/uploads\/2020\/06\/Fj\u00e4llvy-2-Fr\u00f6s\u00f6n-Foto-G\u00f6ran-Strand-1536x776.jpg 1536w, https:\/\/ostersundpride.se\/wp-content\/uploads\/2020\/06\/Fj\u00e4llvy-2-Fr\u00f6s\u00f6n-Foto-G\u00f6ran-Strand-2048x1035.jpg 2048w\" sizes=\"auto, (max-width: 1024px) 100vw, 1024px\" \/><figcaption>Foto: G\u00f6ran Strand<\/figcaption><\/figure>\n\n\n\n<p>Vi har varit omringade av fyra v\u00e4ggar i \u00f6ver ett \u00e5r nu. Delat v\u00e5ra liv med datorer och mobiler. Det \u00e4r dags att lyfta blicken; se in i skogen och ut \u00f6ver fj\u00e4llen. Ta p\u00e5 sig k\u00e4ngorna och traska ut i det fria. Blommorna l\u00e4ngs med stigen visar stolt upp sina f\u00e4rger, precis som du. Naturen ser dig och accepterar dig f\u00f6r den du \u00e4r. Du \u00e4r alltid v\u00e4lkommen, fj\u00e4llen st\u00e5r kvar och tr\u00e4den v\u00e4lkomnar dig hem.&nbsp;<\/p>\n\n\n\n<p>Vi har mycket natur och frihet att njuta av h\u00e4r i J\u00e4mtland H\u00e4rjedalen. Det \u00e4r viktigt att vi tar till oss av den, v\u00e4rnar och v\u00e5rdar den, och respekterar det liv som den ger. Lika stolta som Armstrong och Aldrin var n\u00e4r de satte flaggan p\u00e5 m\u00e5nen f\u00f6r 52 \u00e5r sedan, kan vi h\u00f6ja prideflaggan i den fria vinden ute i skogen och uppe p\u00e5 fj\u00e4lltoppen.&nbsp;<\/p>\n\n\n\n<p>Vi kliver ut f\u00f6r f\u00f6rsta g\u00e5ngen p\u00e5 l\u00e4nge, firar v\u00e5ra och naturens f\u00e4rger tillsammans. Liksom tr\u00e4den i skogen st\u00e5r vi starka, stolta och m\u00e5nga tillsammans.<\/p>\n\n\n\n<p>Fri luft, fritt liv!<\/p>","protected":false},"excerpt":{"rendered":"<p>Vi har varit omringade av fyra v\u00e4ggar i \u00f6ver ett \u00e5r nu. Delat v\u00e5ra liv med datorer och mobiler. Det \u00e4r dags att lyfta blicken; se in i skogen och ut \u00f6ver fj\u00e4llen. Ta p\u00e5 sig k\u00e4ngorna och traska ut i det fria. Blommorna l\u00e4ngs med stigen visar stolt upp sina f\u00e4rger, precis som du. [&hellip;]<\/p>\n","protected":false},"author":3,"featured_media":1203,"comment_status":"open","ping_status":"open","sticky":false,"template":"","format":"standard","meta":{"footnotes":""},"categories":[6],"tags":[],"class_list":{"0":"post-2552","1":"post","2":"type-post","3":"status-publish","4":"format-standard","5":"has-post-thumbnail","7":"category-nyheter","8":"czr-hentry"},"_links":{"self":[{"href":"https:\/\/ostersundpride.se\/sma\/wp-json\/wp\/v2\/posts\/2552","targetHints":{"allow":["GET"]}}],"collection":[{"href":"https:\/\/ostersundpride.se\/sma\/wp-json\/wp\/v2\/posts"}],"about":[{"href":"https:\/\/ostersundpride.se\/sma\/wp-json\/wp\/v2\/types\/post"}],"author":[{"embeddable":true,"href":"https:\/\/ostersundpride.se\/sma\/wp-json\/wp\/v2\/users\/3"}],"replies":[{"embeddable":true,"href":"https:\/\/ostersundpride.se\/sma\/wp-json\/wp\/v2\/comments?post=2552"}],"version-history":[{"count":4,"href":"https:\/\/ostersundpride.se\/sma\/wp-json\/wp\/v2\/posts\/2552\/revisions"}],"predecessor-version":[{"id":2556,"href":"https:\/\/ostersundpride.se\/sma\/wp-json\/wp\/v2\/posts\/2552\/revisions\/2556"}],"wp:featuredmedia":[{"embeddable":true,"href":"https:\/\/ostersundpride.se\/sma\/wp-json\/wp\/v2\/media\/1203"}],"wp:attachment":[{"href":"https:\/\/ostersundpride.se\/sma\/wp-json\/wp\/v2\/media?parent=2552"}],"wp:term":[{"taxonomy":"category","embeddable":true,"href":"https:\/\/ostersundpride.se\/sma\/wp-json\/wp\/v2\/categories?post=2552"},{"taxonomy":"post_tag","embeddable":true,"href":"https:\/\/ostersundpride.se\/sma\/wp-json\/wp\/v2\/tags?post=2552"}],"curies":[{"name":"wp","href":"https:\/\/api.w.org\/{rel}","templated":true}]}}