{"id":3589,"date":"2022-09-02T07:16:00","date_gmt":"2022-09-02T07:16:00","guid":{"rendered":"http:\/\/ostersundpride.se\/?p=3589"},"modified":"2022-09-02T07:16:34","modified_gmt":"2022-09-02T07:16:34","slug":"__trashed-2","status":"publish","type":"post","link":"https:\/\/ostersundpride.se\/sma\/__trashed-2\/","title":{"rendered":"Hela 32 sektioner i \u00e5rets parad"},"content":{"rendered":"<p><img loading=\"lazy\" decoding=\"async\" class=\"alignleft size-large wp-image-3465\" src=\"http:\/\/media.ostersundpride.se\/2022\/08\/pride2019-1024x683.jpg\" alt=\"\" width=\"1024\" height=\"683\" srcset=\"https:\/\/ostersundpride.se\/wp-content\/uploads\/2022\/08\/pride2019-1024x683.jpg 1024w, https:\/\/ostersundpride.se\/wp-content\/uploads\/2022\/08\/pride2019-300x200.jpg 300w, https:\/\/ostersundpride.se\/wp-content\/uploads\/2022\/08\/pride2019-768x512.jpg 768w, https:\/\/ostersundpride.se\/wp-content\/uploads\/2022\/08\/pride2019-18x12.jpg 18w, https:\/\/ostersundpride.se\/wp-content\/uploads\/2022\/08\/pride2019.jpg 1500w\" sizes=\"auto, (max-width: 1024px) 100vw, 1024px\" \/><br \/>\nVi kan stolt ber\u00e4tta att i \u00e5rets parad kommer hela 32 sektioner delta. Du som privatpersoner f\u00e5r v\u00e4lja eller g\u00e5 in och ur i olika sektioner som du vill och k\u00e4nner f\u00f6r.<\/p>\n<p>\u2022 <strong>RFSL J\u00e4mtland H\u00e4rjedalen <\/strong><br \/>\n<strong>\u2022 RFSL Ungdom<\/strong><br \/>\n<strong>\u2022 Transammans Norr<\/strong><br \/>\n<strong>\u2022 \u00d6stersunds kommun<\/strong><br \/>\n<strong>\u2022 Centerpartiet i J\u00e4mtlands l\u00e4n<\/strong><br \/>\n<strong>\u2022 Svenska kyrkan \u00d6stersund<\/strong><br \/>\n<strong>\u2022 Milj\u00f6partiet de gr\u00f6na J\u00e4mtland H\u00e4rjedalen<\/strong><br \/>\n<strong>\u2022 Region J\u00e4mtland H\u00e4rjedalen<\/strong><br \/>\n<strong>\u2022 Moderaterna i J\u00e4mtlands l\u00e4n<\/strong><br \/>\n<strong>\u2022 Clarion Hotel Grand \u00d6stersund<\/strong><br \/>\n<strong>\u2022 Socialdemokraterna i J\u00e4mtlands l\u00e4n\/LO\/Kommunal \u00d6stersund <\/strong><br \/>\n<strong>\u2022 ABF J\u00e4mtland H\u00e4rjedalen<\/strong><br \/>\n<strong>\u2022 V\u00e4nsterpartiet J\u00e4mtland H\u00e4rjedalen<\/strong><br \/>\n<strong>\u2022 RFSU J\u00e4mtland<\/strong><br \/>\n<strong>\u2022 Liberalerna J\u00e4mtland-H\u00e4rjedalen<\/strong><br \/>\n<strong>\u2022 (H)j\u00e4rnkoll J\u00e4mtland<\/strong><br \/>\n<strong>\u2022 Kristdemokraterna J\u00e4mtlands l\u00e4n<\/strong><br \/>\n<strong>\u2022 L\u00e4nsstyrelsen J\u00e4mtland <\/strong><br \/>\n<strong>\u2022 K\u00e4larne IK<\/strong><br \/>\n<strong>\u2022 \u00d6stersundsgymnasterna<\/strong><br \/>\n<strong>\u2022 M\u00c4N J\u00e4mtland\/H\u00e4rjedalen<\/strong><br \/>\n<strong>\u2022 Suicide Zero J\u00e4mtland-H\u00e4rjedalen<\/strong><br \/>\n<strong>\u2022 Fritidsg\u00e5rdarna i \u00d6stersund<\/strong><br \/>\n<strong>\u2022 Storsj\u00f6gymnasiet<\/strong><br \/>\n<strong>\u2022 Parkskolan<\/strong><br \/>\n<strong>\u2022 \u00d6stersunds Waldorfskola<\/strong><br \/>\n<strong>\u2022 Studentk\u00e5ren i \u00d6stersund<\/strong><br \/>\n<strong>\u2022 \u00d6stersunds bibliotek<\/strong><br \/>\n<strong>\u2022 M\u00f6tesplatserna \u00d6stersund<\/strong><br \/>\n<strong>\u2022 Amnesty International<\/strong><br \/>\n<strong>\u2022 Kriminalv\u00e5rden<\/strong><br \/>\n<strong>\u2022 R\u00e4ddningstj\u00e4nsten J\u00e4mtland<\/strong><\/p>\n<p>Paraduppst\u00e4llning startar 13:15 och paraden startar 14:00.<br \/>\nV\u00e4lkomna!<\/p>","protected":false},"excerpt":{"rendered":"<p>Vi kan stolt ber\u00e4tta att i \u00e5rets parad kommer hela 32 sektioner delta. Du som privatpersoner f\u00e5r v\u00e4lja eller g\u00e5 in och ur i olika sektioner som du vill och k\u00e4nner f\u00f6r. \u2022 RFSL J\u00e4mtland H\u00e4rjedalen \u2022 RFSL Ungdom \u2022 Transammans Norr \u2022 \u00d6stersunds kommun \u2022 Centerpartiet i J\u00e4mtlands l\u00e4n \u2022 Svenska kyrkan \u00d6stersund \u2022 [&hellip;]<\/p>\n","protected":false},"author":3,"featured_media":3465,"comment_status":"open","ping_status":"open","sticky":false,"template":"","format":"standard","meta":{"footnotes":""},"categories":[6],"tags":[],"class_list":{"0":"post-3589","1":"post","2":"type-post","3":"status-publish","4":"format-standard","5":"has-post-thumbnail","7":"category-nyheter","8":"czr-hentry"},"_links":{"self":[{"href":"https:\/\/ostersundpride.se\/sma\/wp-json\/wp\/v2\/posts\/3589","targetHints":{"allow":["GET"]}}],"collection":[{"href":"https:\/\/ostersundpride.se\/sma\/wp-json\/wp\/v2\/posts"}],"about":[{"href":"https:\/\/ostersundpride.se\/sma\/wp-json\/wp\/v2\/types\/post"}],"author":[{"embeddable":true,"href":"https:\/\/ostersundpride.se\/sma\/wp-json\/wp\/v2\/users\/3"}],"replies":[{"embeddable":true,"href":"https:\/\/ostersundpride.se\/sma\/wp-json\/wp\/v2\/comments?post=3589"}],"version-history":[{"count":3,"href":"https:\/\/ostersundpride.se\/sma\/wp-json\/wp\/v2\/posts\/3589\/revisions"}],"predecessor-version":[{"id":3592,"href":"https:\/\/ostersundpride.se\/sma\/wp-json\/wp\/v2\/posts\/3589\/revisions\/3592"}],"wp:featuredmedia":[{"embeddable":true,"href":"https:\/\/ostersundpride.se\/sma\/wp-json\/wp\/v2\/media\/3465"}],"wp:attachment":[{"href":"https:\/\/ostersundpride.se\/sma\/wp-json\/wp\/v2\/media?parent=3589"}],"wp:term":[{"taxonomy":"category","embeddable":true,"href":"https:\/\/ostersundpride.se\/sma\/wp-json\/wp\/v2\/categories?post=3589"},{"taxonomy":"post_tag","embeddable":true,"href":"https:\/\/ostersundpride.se\/sma\/wp-json\/wp\/v2\/tags?post=3589"}],"curies":[{"name":"wp","href":"https:\/\/api.w.org\/{rel}","templated":true}]}}