{"id":4540,"date":"2023-08-28T18:00:17","date_gmt":"2023-08-28T18:00:17","guid":{"rendered":"http:\/\/ostersundpride.se\/?p=4540"},"modified":"2023-08-28T18:01:26","modified_gmt":"2023-08-28T18:01:26","slug":"kompany-ar-klar-for-downtown","status":"publish","type":"post","link":"https:\/\/ostersundpride.se\/sma\/kompany-ar-klar-for-downtown\/","title":{"rendered":"Kompany \u00e4r klar f\u00f6r Downtown"},"content":{"rendered":"<p><img loading=\"lazy\" decoding=\"async\" class=\"alignleft size-full wp-image-4537\" src=\"http:\/\/media.ostersundpride.se\/2023\/08\/Kompany-16x9-1.jpg\" alt=\"\" width=\"1024\" height=\"576\" srcset=\"https:\/\/ostersundpride.se\/wp-content\/uploads\/2023\/08\/Kompany-16x9-1.jpg 1024w, https:\/\/ostersundpride.se\/wp-content\/uploads\/2023\/08\/Kompany-16x9-1-300x169.jpg 300w, https:\/\/ostersundpride.se\/wp-content\/uploads\/2023\/08\/Kompany-16x9-1-768x432.jpg 768w, https:\/\/ostersundpride.se\/wp-content\/uploads\/2023\/08\/Kompany-16x9-1-18x10.jpg 18w, https:\/\/ostersundpride.se\/wp-content\/uploads\/2023\/08\/Kompany-16x9-1-528x297.jpg 528w\" sizes=\"auto, (max-width: 1024px) 100vw, 1024px\" \/><\/p>\n<p><span class=\"il\">Vi har gl\u00e4djen att kunna presentera Kompany som \u00e4r\u00a0<\/span>ett band fr\u00e5n \u00d6stersund till Downtown. Downtown \u00e4r v\u00e5r ungdomsfest som \u00e4r p\u00e5 Tingshuset i \u00d6stersund p\u00e5 fredag den 1\/9 \u00a0klockan 19 till 23. P\u00e5 Downtown kommer dom att spela olika typer av musik och ett h\u00e4rligt g\u00e4ng med covers.<\/p>\n<p>Under kv\u00e4llen kommer vi att f\u00e5 h\u00f6ra egenskriven musik. Kompany \u00e4r ett relativt nystartat band och best\u00e5r av tre medlemmar, Lisa p\u00e5 gitarr, Ellen p\u00e5 s\u00e5ng och trummor och Leo p\u00e5 bas.<\/p>\n<p><strong>Kompany spelar p\u00e5 v\u00e5r ungdomsfest Downtown p\u00e5 fredag kv\u00e4ll. <a href=\"https:\/\/downtown.confetti.events\">H\u00e4r hittar du biljetter.<\/a><\/strong><\/p>\n<p><strong><a href=\"http:\/\/ostersundpride.se\/sma\/program\/\">Se hela programmet h\u00e4r!<\/a><\/strong><\/p>","protected":false},"excerpt":{"rendered":"<p>Vi har gl\u00e4djen att kunna presentera Kompany som \u00e4r\u00a0ett band fr\u00e5n \u00d6stersund till Downtown. Downtown \u00e4r v\u00e5r ungdomsfest som \u00e4r p\u00e5 Tingshuset i \u00d6stersund p\u00e5 fredag den 1\/9 \u00a0klockan 19 till 23. P\u00e5 Downtown kommer dom att spela olika typer av musik och ett h\u00e4rligt g\u00e4ng med covers. Under kv\u00e4llen kommer vi att f\u00e5 h\u00f6ra [&hellip;]<\/p>\n","protected":false},"author":3,"featured_media":4537,"comment_status":"open","ping_status":"open","sticky":false,"template":"","format":"standard","meta":{"footnotes":""},"categories":[6],"tags":[],"class_list":{"0":"post-4540","1":"post","2":"type-post","3":"status-publish","4":"format-standard","5":"has-post-thumbnail","7":"category-nyheter","8":"czr-hentry"},"_links":{"self":[{"href":"https:\/\/ostersundpride.se\/sma\/wp-json\/wp\/v2\/posts\/4540","targetHints":{"allow":["GET"]}}],"collection":[{"href":"https:\/\/ostersundpride.se\/sma\/wp-json\/wp\/v2\/posts"}],"about":[{"href":"https:\/\/ostersundpride.se\/sma\/wp-json\/wp\/v2\/types\/post"}],"author":[{"embeddable":true,"href":"https:\/\/ostersundpride.se\/sma\/wp-json\/wp\/v2\/users\/3"}],"replies":[{"embeddable":true,"href":"https:\/\/ostersundpride.se\/sma\/wp-json\/wp\/v2\/comments?post=4540"}],"version-history":[{"count":4,"href":"https:\/\/ostersundpride.se\/sma\/wp-json\/wp\/v2\/posts\/4540\/revisions"}],"predecessor-version":[{"id":4590,"href":"https:\/\/ostersundpride.se\/sma\/wp-json\/wp\/v2\/posts\/4540\/revisions\/4590"}],"wp:featuredmedia":[{"embeddable":true,"href":"https:\/\/ostersundpride.se\/sma\/wp-json\/wp\/v2\/media\/4537"}],"wp:attachment":[{"href":"https:\/\/ostersundpride.se\/sma\/wp-json\/wp\/v2\/media?parent=4540"}],"wp:term":[{"taxonomy":"category","embeddable":true,"href":"https:\/\/ostersundpride.se\/sma\/wp-json\/wp\/v2\/categories?post=4540"},{"taxonomy":"post_tag","embeddable":true,"href":"https:\/\/ostersundpride.se\/sma\/wp-json\/wp\/v2\/tags?post=4540"}],"curies":[{"name":"wp","href":"https:\/\/api.w.org\/{rel}","templated":true}]}}