{"id":4610,"date":"2023-08-29T16:58:02","date_gmt":"2023-08-29T16:58:02","guid":{"rendered":"http:\/\/ostersundpride.se\/?p=4610"},"modified":"2023-08-29T16:58:04","modified_gmt":"2023-08-29T16:58:04","slug":"se-forelasningen-att-leva-med-hiv","status":"publish","type":"post","link":"https:\/\/ostersundpride.se\/sma\/se-forelasningen-att-leva-med-hiv\/","title":{"rendered":"Se f\u00f6rel\u00e4sningen &#8211; Att leva med hiv"},"content":{"rendered":"<p>V\u00e4lkommen att se en en direkts\u00e4nd f\u00f6rel\u00e4sning av personer som lever med hiv med ett efterf\u00f6ljande panelsamtal. F\u00f6rel\u00e4sningen startar kl. 18:30 29\/9.<\/p>\n\n\n<iframe loading=\"lazy\" src=\"https:\/\/www.facebook.com\/plugins\/video.php?height=314&#038;href=https%3A%2F%2Fwww.facebook.com%2Fostersundpride%2Fvideos%2F312864811246779%2F&#038;show_text=true&#038;width=560&#038;t=0\" width=\"560\" height=\"429\" style=\"border:none;overflow:hidden\" scrolling=\"no\" frameborder=\"0\" allowfullscreen=\"true\" allow=\"autoplay; clipboard-write; encrypted-media; picture-in-picture; web-share\"><\/iframe>\n\n\n<p>F\u00f6rel\u00e4sare till kv\u00e4llen \u00e4r:<br \/><strong>Mohammed Jusef Walai<\/strong>, \u00a0hivaktivist och samordnare f\u00f6r Posithiva Gruppens verksamhet Ung &amp; Hiv.<br \/><strong>Maricela Perdomo Martinez<\/strong>, hivaktivist.<br \/><strong>Peter Roth<\/strong>, hivaktivist, f\u00f6rfattare och ordf\u00f6rande Posithiva Gruppen Norr.<\/p>\n<p>Efter\u00e5t kommer f\u00f6rel\u00e4sarna under ett panelsamtal diskutera informationsplikten f\u00f6r personer som lever med hiv, att ber\u00e4tta eller inte ber\u00e4tta.<\/p>\n<p>Se hela \u00d6stersund Staaren Prides program p\u00e5 <a href=\"http:\/\/ostersundpride.se\/sma\/program\/\">ostersundpride.se\/program<\/a>.<\/p>","protected":false},"excerpt":{"rendered":"<p>V\u00e4lkommen att se en en direkts\u00e4nd f\u00f6rel\u00e4sning av personer som lever med hiv med ett efterf\u00f6ljande panelsamtal. F\u00f6rel\u00e4sningen startar kl. 18:30 29\/9. F\u00f6rel\u00e4sare till kv\u00e4llen \u00e4r:Mohammed Jusef Walai, \u00a0hivaktivist och samordnare f\u00f6r Posithiva Gruppens verksamhet Ung &amp; Hiv.Maricela Perdomo Martinez, hivaktivist.Peter Roth, hivaktivist, f\u00f6rfattare och ordf\u00f6rande Posithiva Gruppen Norr. Efter\u00e5t kommer f\u00f6rel\u00e4sarna under ett panelsamtal [&hellip;]<\/p>\n","protected":false},"author":3,"featured_media":4616,"comment_status":"open","ping_status":"open","sticky":false,"template":"","format":"standard","meta":{"footnotes":""},"categories":[6],"tags":[],"class_list":{"0":"post-4610","1":"post","2":"type-post","3":"status-publish","4":"format-standard","5":"has-post-thumbnail","7":"category-nyheter","8":"czr-hentry"},"_links":{"self":[{"href":"https:\/\/ostersundpride.se\/sma\/wp-json\/wp\/v2\/posts\/4610","targetHints":{"allow":["GET"]}}],"collection":[{"href":"https:\/\/ostersundpride.se\/sma\/wp-json\/wp\/v2\/posts"}],"about":[{"href":"https:\/\/ostersundpride.se\/sma\/wp-json\/wp\/v2\/types\/post"}],"author":[{"embeddable":true,"href":"https:\/\/ostersundpride.se\/sma\/wp-json\/wp\/v2\/users\/3"}],"replies":[{"embeddable":true,"href":"https:\/\/ostersundpride.se\/sma\/wp-json\/wp\/v2\/comments?post=4610"}],"version-history":[{"count":5,"href":"https:\/\/ostersundpride.se\/sma\/wp-json\/wp\/v2\/posts\/4610\/revisions"}],"predecessor-version":[{"id":4615,"href":"https:\/\/ostersundpride.se\/sma\/wp-json\/wp\/v2\/posts\/4610\/revisions\/4615"}],"wp:featuredmedia":[{"embeddable":true,"href":"https:\/\/ostersundpride.se\/sma\/wp-json\/wp\/v2\/media\/4616"}],"wp:attachment":[{"href":"https:\/\/ostersundpride.se\/sma\/wp-json\/wp\/v2\/media?parent=4610"}],"wp:term":[{"taxonomy":"category","embeddable":true,"href":"https:\/\/ostersundpride.se\/sma\/wp-json\/wp\/v2\/categories?post=4610"},{"taxonomy":"post_tag","embeddable":true,"href":"https:\/\/ostersundpride.se\/sma\/wp-json\/wp\/v2\/tags?post=4610"}],"curies":[{"name":"wp","href":"https:\/\/api.w.org\/{rel}","templated":true}]}}