{"id":5120,"date":"2024-08-26T07:57:00","date_gmt":"2024-08-26T07:57:00","guid":{"rendered":"http:\/\/ostersundpride.se\/?p=5120"},"modified":"2024-08-27T14:05:22","modified_gmt":"2024-08-27T14:05:22","slug":"5120-2","status":"publish","type":"post","link":"https:\/\/ostersundpride.se\/sma\/5120-2\/","title":{"rendered":"\u00c4ntligen Pride!"},"content":{"rendered":"<p><img loading=\"lazy\" decoding=\"async\" class=\"alignleft size-large wp-image-5114\" src=\"http:\/\/media.ostersundpride.se\/2024\/08\/William2024-1024x576.jpg\" alt=\"\" width=\"1024\" height=\"576\" srcset=\"https:\/\/ostersundpride.se\/wp-content\/uploads\/2024\/08\/William2024-1024x576.jpg 1024w, https:\/\/ostersundpride.se\/wp-content\/uploads\/2024\/08\/William2024-300x169.jpg 300w, https:\/\/ostersundpride.se\/wp-content\/uploads\/2024\/08\/William2024-768x432.jpg 768w, https:\/\/ostersundpride.se\/wp-content\/uploads\/2024\/08\/William2024-1536x864.jpg 1536w, https:\/\/ostersundpride.se\/wp-content\/uploads\/2024\/08\/William2024-2048x1152.jpg 2048w, https:\/\/ostersundpride.se\/wp-content\/uploads\/2024\/08\/William2024-18x10.jpg 18w, https:\/\/ostersundpride.se\/wp-content\/uploads\/2024\/08\/William2024-1110x624.jpg 1110w, https:\/\/ostersundpride.se\/wp-content\/uploads\/2024\/08\/William2024-528x297.jpg 528w\" sizes=\"auto, (max-width: 1024px) 100vw, 1024px\" \/><\/p>\n<p>Nu \u00e4r \u00e4ntligen dags att fylla \u00d6stersund och hela J\u00e4mtland H\u00e4rjedalen med regnb\u00e5gens alla f\u00e4rger igen! \u00c5rets tema \u00e4r regnb\u00e5gsr\u00f6relsen, d\u00e4r vi vill belysa vad hbtqi-r\u00f6relsen har betytt genom \u00e5ren. Fr\u00e5n kampen f\u00f6r grundl\u00e4ggande r\u00e4ttigheter och erk\u00e4nnande till de otaliga segrar som har f\u00f6rt oss n\u00e4rmare en mer inkluderande och k\u00e4rleksfull v\u00e4rld. Det \u00e4r en hyllning till modet och uth\u00e5lligheten hos alla som har k\u00e4mpat f\u00f6r frihet och j\u00e4mlikhet.<\/p>\n<p>Det \u00e4r viktigt att komma ih\u00e5g varf\u00f6r vi firar Pride. Vi st\u00e5r upp f\u00f6r hbtqi-r\u00e4ttigheter, f\u00f6r m\u00e4nskliga r\u00e4ttigheter helt enkelt. Vi hyllar k\u00e4rleken. Att f\u00e5 \u00e4lska vem du vill, att f\u00e5 vara den du \u00e4r. Tillsammans kan vi skapa en v\u00e4rld d\u00e4r alla k\u00e4nner sig trygga, accepterade och \u00e4lskade.<\/p>\n<p>Vi m\u00e5ste d\u00e5 ocks\u00e5 uppm\u00e4rksamma den h\u00e5rda verklighet som m\u00e5nga hbtqi-personer m\u00f6ter. Trots de betydande framstegen som har gjorts, finns det fortfarande diskriminering, f\u00f6rdomar och v\u00e5ld. M\u00e5nga hbtqi-personer upplever fortfarande mobbning, trakasserier och till och med hatbrott p\u00e5 grund av sin identitet. Framf\u00f6rallt transpersoner m\u00f6ter skr\u00e4mmande h\u00f6ga niv\u00e5er av v\u00e5ld och diskriminering i dagens samh\u00e4lle.<\/p>\n<p>\u00d6stersund Staaren Pride \u00e4r en del av RFSL J\u00e4mtland H\u00e4rjedalens verksamhet. RFSL arbetar f\u00f6r m\u00e4nskliga r\u00e4ttigheter och ett mer tryggt och inkluderande samh\u00e4llsklimat \u00e5ret runt. Alltid.<\/p>\n<p>Ett s\u00e4tt att st\u00f6dja v\u00e5rt arbete \u00e4r att bli medlem. Jag uppmanar dig verkligen att bli medlem \u2013 f\u00f6r ett medlemskap g\u00f6r verkligen skillnad p\u00e5 riktigt.<\/p>\n<p>Hoppas du f\u00e5r en fin Pridevecka!<\/p>\n<p><strong>William Stenvall Zetterstr\u00f6m<\/strong><br \/>\nFestivalchef<\/p>","protected":false},"excerpt":{"rendered":"<p>Nu \u00e4r \u00e4ntligen dags att fylla \u00d6stersund och hela J\u00e4mtland H\u00e4rjedalen med regnb\u00e5gens alla f\u00e4rger igen! \u00c5rets tema \u00e4r regnb\u00e5gsr\u00f6relsen, d\u00e4r vi vill belysa vad hbtqi-r\u00f6relsen har betytt genom \u00e5ren. Fr\u00e5n kampen f\u00f6r grundl\u00e4ggande r\u00e4ttigheter och erk\u00e4nnande till de otaliga segrar som har f\u00f6rt oss n\u00e4rmare en mer inkluderande och k\u00e4rleksfull v\u00e4rld. Det \u00e4r en [&hellip;]<\/p>\n","protected":false},"author":3,"featured_media":5114,"comment_status":"open","ping_status":"open","sticky":false,"template":"","format":"standard","meta":{"footnotes":""},"categories":[6],"tags":[],"class_list":{"0":"post-5120","1":"post","2":"type-post","3":"status-publish","4":"format-standard","5":"has-post-thumbnail","7":"category-nyheter","8":"czr-hentry"},"_links":{"self":[{"href":"https:\/\/ostersundpride.se\/sma\/wp-json\/wp\/v2\/posts\/5120","targetHints":{"allow":["GET"]}}],"collection":[{"href":"https:\/\/ostersundpride.se\/sma\/wp-json\/wp\/v2\/posts"}],"about":[{"href":"https:\/\/ostersundpride.se\/sma\/wp-json\/wp\/v2\/types\/post"}],"author":[{"embeddable":true,"href":"https:\/\/ostersundpride.se\/sma\/wp-json\/wp\/v2\/users\/3"}],"replies":[{"embeddable":true,"href":"https:\/\/ostersundpride.se\/sma\/wp-json\/wp\/v2\/comments?post=5120"}],"version-history":[{"count":5,"href":"https:\/\/ostersundpride.se\/sma\/wp-json\/wp\/v2\/posts\/5120\/revisions"}],"predecessor-version":[{"id":5127,"href":"https:\/\/ostersundpride.se\/sma\/wp-json\/wp\/v2\/posts\/5120\/revisions\/5127"}],"wp:featuredmedia":[{"embeddable":true,"href":"https:\/\/ostersundpride.se\/sma\/wp-json\/wp\/v2\/media\/5114"}],"wp:attachment":[{"href":"https:\/\/ostersundpride.se\/sma\/wp-json\/wp\/v2\/media?parent=5120"}],"wp:term":[{"taxonomy":"category","embeddable":true,"href":"https:\/\/ostersundpride.se\/sma\/wp-json\/wp\/v2\/categories?post=5120"},{"taxonomy":"post_tag","embeddable":true,"href":"https:\/\/ostersundpride.se\/sma\/wp-json\/wp\/v2\/tags?post=5120"}],"curies":[{"name":"wp","href":"https:\/\/api.w.org\/{rel}","templated":true}]}}