{"id":5225,"date":"2024-10-29T08:51:33","date_gmt":"2024-10-29T08:51:33","guid":{"rendered":"http:\/\/ostersundpride.se\/?p=5225"},"modified":"2024-10-29T17:41:21","modified_gmt":"2024-10-29T17:41:21","slug":"vi-soker-festivalchef-till-pride-2025","status":"publish","type":"post","link":"https:\/\/ostersundpride.se\/sma\/vi-soker-festivalchef-till-pride-2025\/","title":{"rendered":"Vi s\u00f6ker festivalchef till Pride 2025"},"content":{"rendered":"<p><img loading=\"lazy\" decoding=\"async\" class=\"alignleft size-large wp-image-5226\" src=\"http:\/\/media.ostersundpride.se\/2024\/10\/WSZ_0028-1024x683.jpg\" alt=\"\" width=\"1024\" height=\"683\" srcset=\"https:\/\/ostersundpride.se\/wp-content\/uploads\/2024\/10\/WSZ_0028-1024x683.jpg 1024w, https:\/\/ostersundpride.se\/wp-content\/uploads\/2024\/10\/WSZ_0028-300x200.jpg 300w, https:\/\/ostersundpride.se\/wp-content\/uploads\/2024\/10\/WSZ_0028-768x512.jpg 768w, https:\/\/ostersundpride.se\/wp-content\/uploads\/2024\/10\/WSZ_0028-1536x1025.jpg 1536w, https:\/\/ostersundpride.se\/wp-content\/uploads\/2024\/10\/WSZ_0028-2048x1366.jpg 2048w, https:\/\/ostersundpride.se\/wp-content\/uploads\/2024\/10\/WSZ_0028-18x12.jpg 18w\" sizes=\"auto, (max-width: 1024px) 100vw, 1024px\" \/><br \/>\nVill du leda en av \u00e5rets viktigaste festivaler och skapa en inkluderande, minnesv\u00e4rd och framg\u00e5ngsrik Prideupplevelse? Vi s\u00f6ker en engagerad och erfaren festivalchef till\u00a0<b>\u00d6stersund Staaren Pride<\/b>, en del av\u00a0<b>RFSL J\u00e4mtland H\u00e4rjedalen<\/b>. Som festivalchef ansvarar du f\u00f6r att leda planering, strategi, och genomf\u00f6rande, med m\u00e5let att st\u00e4rka hbtqi-r\u00e4ttigheter och synlighet i regionen.<\/p>\n<p>\u00d6stersund Staaren Pride \u00e4r en \u00e5rlig festival som firar m\u00e5ngfald och hbtqi-personers r\u00e4ttigheter genom parad, kultur, f\u00f6rel\u00e4sningar och sociala aktiviteter. Som en del av RFSL J\u00e4mtland H\u00e4rjedalen arbetar vi tillsammans f\u00f6r att skapa en trygg och inspirerande m\u00f6tesplats f\u00f6r alla, och ditt ledarskap blir avg\u00f6rande f\u00f6r att festivalen speglar v\u00e5ra v\u00e4rderingar om inkludering, solidaritet och r\u00e4ttvisa.<\/p>\n<p><b>Arbetsuppgifter:<\/b><\/p>\n<ul>\n<li>Strategisk ledning och projektledning av hela festivalen<\/li>\n<li>Budgetansvar och resursallokering<\/li>\n<li>Samarbete med partners, lokala akt\u00f6rer och myndigheter<\/li>\n<li>Leda och motivera ledningsgruppen samt s\u00e4kerst\u00e4lla god kommunikation<\/li>\n<li>S\u00e4kra trygghet, tillg\u00e4nglighet och s\u00e4kerhetsrutiner<\/li>\n<li>Medverka i kommunikationsinsatser och marknadsf\u00f6ring<\/li>\n<\/ul>\n<p><b>Vi s\u00f6ker dig som har:<\/b><\/p>\n<ul>\n<li>Erfarenhet av projektledning och budgethantering\u00a0helst inom kultur-, festival- eller ideell sektor<\/li>\n<li>Erfarenhet av att leda team och bygga samarbeten<\/li>\n<li>Utm\u00e4rkt kommunikationsf\u00f6rm\u00e5ga, internt och externt<\/li>\n<li>Egna erfarenheter av hbtqi och\/eller upparbetat kontaktn\u00e4t inom hbtqi i J\u00e4mtland H\u00e4rjedalen<\/li>\n<li>Goda kunskaper inom samiskt spr\u00e5k och kultur och\/eller andra kulturer och spr\u00e5k<\/li>\n<\/ul>\n<p>Tj\u00e4nsten \u00e4r p\u00e5 ideell basis, med intensiva perioder under planeringen och genomf\u00f6randet av festivalen.<\/p>\n<p>Skicka din ans\u00f6kan till RFSL J\u00e4mtland H\u00e4rjedalens ordf\u00f6rande\u00a0<a href=\"mailto:hedda.bjorkman.sjoberg@jh.rfsl.se\">hedda.bjorkman.sjoberg@jh.rfsl.se<\/a>\u00a0innan 2024-11-07.<\/p>","protected":false},"excerpt":{"rendered":"<p>Vill du leda en av \u00e5rets viktigaste festivaler och skapa en inkluderande, minnesv\u00e4rd och framg\u00e5ngsrik Prideupplevelse? Vi s\u00f6ker en engagerad och erfaren festivalchef till\u00a0\u00d6stersund Staaren Pride, en del av\u00a0RFSL J\u00e4mtland H\u00e4rjedalen. Som festivalchef ansvarar du f\u00f6r att leda planering, strategi, och genomf\u00f6rande, med m\u00e5let att st\u00e4rka hbtqi-r\u00e4ttigheter och synlighet i regionen. \u00d6stersund Staaren Pride \u00e4r [&hellip;]<\/p>\n","protected":false},"author":11,"featured_media":5226,"comment_status":"open","ping_status":"open","sticky":false,"template":"","format":"standard","meta":{"footnotes":""},"categories":[6],"tags":[],"class_list":{"0":"post-5225","1":"post","2":"type-post","3":"status-publish","4":"format-standard","5":"has-post-thumbnail","7":"category-nyheter","8":"czr-hentry"},"_links":{"self":[{"href":"https:\/\/ostersundpride.se\/sma\/wp-json\/wp\/v2\/posts\/5225","targetHints":{"allow":["GET"]}}],"collection":[{"href":"https:\/\/ostersundpride.se\/sma\/wp-json\/wp\/v2\/posts"}],"about":[{"href":"https:\/\/ostersundpride.se\/sma\/wp-json\/wp\/v2\/types\/post"}],"author":[{"embeddable":true,"href":"https:\/\/ostersundpride.se\/sma\/wp-json\/wp\/v2\/users\/11"}],"replies":[{"embeddable":true,"href":"https:\/\/ostersundpride.se\/sma\/wp-json\/wp\/v2\/comments?post=5225"}],"version-history":[{"count":3,"href":"https:\/\/ostersundpride.se\/sma\/wp-json\/wp\/v2\/posts\/5225\/revisions"}],"predecessor-version":[{"id":5229,"href":"https:\/\/ostersundpride.se\/sma\/wp-json\/wp\/v2\/posts\/5225\/revisions\/5229"}],"wp:featuredmedia":[{"embeddable":true,"href":"https:\/\/ostersundpride.se\/sma\/wp-json\/wp\/v2\/media\/5226"}],"wp:attachment":[{"href":"https:\/\/ostersundpride.se\/sma\/wp-json\/wp\/v2\/media?parent=5225"}],"wp:term":[{"taxonomy":"category","embeddable":true,"href":"https:\/\/ostersundpride.se\/sma\/wp-json\/wp\/v2\/categories?post=5225"},{"taxonomy":"post_tag","embeddable":true,"href":"https:\/\/ostersundpride.se\/sma\/wp-json\/wp\/v2\/tags?post=5225"}],"curies":[{"name":"wp","href":"https:\/\/api.w.org\/{rel}","templated":true}]}}