{"id":5875,"date":"2025-08-22T21:19:22","date_gmt":"2025-08-22T21:19:22","guid":{"rendered":"https:\/\/ostersundpride.se\/?p=5875"},"modified":"2025-08-25T15:18:40","modified_gmt":"2025-08-25T15:18:40","slug":"schlagerfesten-pa-w","status":"publish","type":"post","link":"https:\/\/ostersundpride.se\/sma\/schlagerfesten-pa-w\/","title":{"rendered":"Pridefesten \u2013 Come together!"},"content":{"rendered":"<div class=\"wp-block-image\">\n<figure class=\"alignleft\"><img loading=\"lazy\" decoding=\"async\" width=\"1024\" height=\"576\" src=\"http:\/\/ostersundpride.se\/wp-content\/uploads\/2025\/08\/Skarmbild-2025-08-22-172819-1024x576.png\" alt=\"\" class=\"wp-image-5830\" srcset=\"https:\/\/ostersundpride.se\/wp-content\/uploads\/2025\/08\/Skarmbild-2025-08-22-172819-1024x576.png 1024w, https:\/\/ostersundpride.se\/wp-content\/uploads\/2025\/08\/Skarmbild-2025-08-22-172819-300x169.png 300w, https:\/\/ostersundpride.se\/wp-content\/uploads\/2025\/08\/Skarmbild-2025-08-22-172819-768x432.png 768w, https:\/\/ostersundpride.se\/wp-content\/uploads\/2025\/08\/Skarmbild-2025-08-22-172819-18x10.png 18w, https:\/\/ostersundpride.se\/wp-content\/uploads\/2025\/08\/Skarmbild-2025-08-22-172819-1110x624.png 1110w, https:\/\/ostersundpride.se\/wp-content\/uploads\/2025\/08\/Skarmbild-2025-08-22-172819-528x297.png 528w, https:\/\/ostersundpride.se\/wp-content\/uploads\/2025\/08\/Skarmbild-2025-08-22-172819.png 1324w\" sizes=\"auto, (max-width: 1024px) 100vw, 1024px\" \/><\/figure>\n<\/div>\n\n\n<p><\/p>\n\n\n\n<p>Nu p\u00e5 l\u00f6rdag, den 30 augusti, \u00e4r det \u00e4ntligen dags f\u00f6r \u00e5rets pridefest! I \u00e5r intar vi W \u2013 Welcome i \u00d6stersund och bjuder in alla \u00f6ver 18 \u00e5r till en sprakande schlagerkv\u00e4ll fylld med gl\u00e4dje, k\u00e4rlek och gemenskap. Fr\u00e5n kl. 21.00 f\u00f6rvandlas W till en f\u00e4rgsprakande m\u00f6tesplats d\u00e4r du kan vara precis den du \u00e4r.<\/p>\n\n\n\n<p>Kv\u00e4llen bjuder p\u00e5 h\u00e4rlig schlagerst\u00e4mning med b\u00e5de liveartist och DJ som h\u00e5ller dansgolvet ig\u00e5ng hela natten. Njut av musiken, festst\u00e4mningen och n\u00e5got gott i glaset tillsammans med v\u00e4nner \u2013 gamla som nya. Oavsett vem du \u00e4r eller vem du \u00e4lskar, \u00e4r du varmt v\u00e4lkommen att fira Pride med oss. Begr\u00e4nsat antal platser.<\/p>\n\n\n\n<p><a href=\"https:\/\/pridefesten.confetti.events\/\">K\u00f6p biljetter h\u00e4r.<\/a><\/p>\n\n\n\n<p>Missa inte denna magiska kv\u00e4ll \u2013 vi ses p\u00e5 W \u2013 Welcome! \ud83c\udf08\u2728<\/p>","protected":false},"excerpt":{"rendered":"<p>Nu p\u00e5 l\u00f6rdag, den 30 augusti, \u00e4r det \u00e4ntligen dags f\u00f6r \u00e5rets pridefest! I \u00e5r intar vi W \u2013 Welcome i \u00d6stersund och bjuder in alla \u00f6ver 18 \u00e5r till en sprakande schlagerkv\u00e4ll fylld med gl\u00e4dje, k\u00e4rlek och gemenskap. Fr\u00e5n kl. 21.00 f\u00f6rvandlas W till en f\u00e4rgsprakande m\u00f6tesplats d\u00e4r du kan vara precis den du [&hellip;]<\/p>\n","protected":false},"author":3,"featured_media":5830,"comment_status":"open","ping_status":"open","sticky":false,"template":"","format":"standard","meta":{"footnotes":""},"categories":[6],"tags":[],"class_list":{"0":"post-5875","1":"post","2":"type-post","3":"status-publish","4":"format-standard","5":"has-post-thumbnail","7":"category-nyheter","8":"czr-hentry"},"_links":{"self":[{"href":"https:\/\/ostersundpride.se\/sma\/wp-json\/wp\/v2\/posts\/5875","targetHints":{"allow":["GET"]}}],"collection":[{"href":"https:\/\/ostersundpride.se\/sma\/wp-json\/wp\/v2\/posts"}],"about":[{"href":"https:\/\/ostersundpride.se\/sma\/wp-json\/wp\/v2\/types\/post"}],"author":[{"embeddable":true,"href":"https:\/\/ostersundpride.se\/sma\/wp-json\/wp\/v2\/users\/3"}],"replies":[{"embeddable":true,"href":"https:\/\/ostersundpride.se\/sma\/wp-json\/wp\/v2\/comments?post=5875"}],"version-history":[{"count":4,"href":"https:\/\/ostersundpride.se\/sma\/wp-json\/wp\/v2\/posts\/5875\/revisions"}],"predecessor-version":[{"id":5916,"href":"https:\/\/ostersundpride.se\/sma\/wp-json\/wp\/v2\/posts\/5875\/revisions\/5916"}],"wp:featuredmedia":[{"embeddable":true,"href":"https:\/\/ostersundpride.se\/sma\/wp-json\/wp\/v2\/media\/5830"}],"wp:attachment":[{"href":"https:\/\/ostersundpride.se\/sma\/wp-json\/wp\/v2\/media?parent=5875"}],"wp:term":[{"taxonomy":"category","embeddable":true,"href":"https:\/\/ostersundpride.se\/sma\/wp-json\/wp\/v2\/categories?post=5875"},{"taxonomy":"post_tag","embeddable":true,"href":"https:\/\/ostersundpride.se\/sma\/wp-json\/wp\/v2\/tags?post=5875"}],"curies":[{"name":"wp","href":"https:\/\/api.w.org\/{rel}","templated":true}]}}