{"id":5902,"date":"2025-08-25T13:53:45","date_gmt":"2025-08-25T13:53:45","guid":{"rendered":"https:\/\/ostersundpride.se\/?p=5902"},"modified":"2025-08-28T13:49:32","modified_gmt":"2025-08-28T13:49:32","slug":"nanne-pa-pridefesten","status":"publish","type":"post","link":"https:\/\/ostersundpride.se\/sma\/nanne-pa-pridefesten\/","title":{"rendered":"Nanne p\u00e5 Pridefesten!"},"content":{"rendered":"<figure class=\"wp-block-image size-large\"><img loading=\"lazy\" decoding=\"async\" width=\"1024\" height=\"576\" src=\"https:\/\/ostersundpride.se\/wp-content\/uploads\/2025\/08\/Nanne-1024x576.jpg\" alt=\"\" class=\"wp-image-5903\" srcset=\"https:\/\/ostersundpride.se\/wp-content\/uploads\/2025\/08\/Nanne-1024x576.jpg 1024w, https:\/\/ostersundpride.se\/wp-content\/uploads\/2025\/08\/Nanne-300x169.jpg 300w, https:\/\/ostersundpride.se\/wp-content\/uploads\/2025\/08\/Nanne-768x432.jpg 768w, https:\/\/ostersundpride.se\/wp-content\/uploads\/2025\/08\/Nanne-1536x864.jpg 1536w, https:\/\/ostersundpride.se\/wp-content\/uploads\/2025\/08\/Nanne-18x10.jpg 18w, https:\/\/ostersundpride.se\/wp-content\/uploads\/2025\/08\/Nanne-1110x624.jpg 1110w, https:\/\/ostersundpride.se\/wp-content\/uploads\/2025\/08\/Nanne-528x297.jpg 528w, https:\/\/ostersundpride.se\/wp-content\/uploads\/2025\/08\/Nanne.jpg 1920w\" sizes=\"auto, (max-width: 1024px) 100vw, 1024px\" \/><\/figure>\n\n\n\n<p>Pridefesten f\u00f6rgylls i \u00e5r av schlagerdrottningen Nanne Gr\u00f6nvall!<\/p>\n\n\n\n<p>Med fullt \u00f6s och stor gl\u00e4dje har hon gett oss hits som \u201dH\u00e5ll Om Mig\u201d, \u201dAvundsjuk\u201d, \u201dDen Vilda\u201d, \u201dHighland\u201d och \u201dAlexandra\u201d. F\u00f6rutom de egna hitsen ligger hon bakom Cecilia Vennerstens \u201dDet Vackraste\u201d och Arvingarnas \u201dI Do\u201d bland annat.<\/p>\n\n\n\n<p>V\u00e4lkommen till den glittrande \u201cPridefesten \u2013 Come Together!\u201d p\u00e5 W \u2013 Welcome, med the one and only Nanne. Det blir ett sprakande firande med begr\u00e4nsat antal platser, s\u00e5 k\u00f6p biljett snarast. <\/p>\n\n\n\n<p>L\u00f6rdag den 30 augusti, 21.00\u201302.00, W \u2013 Welcome i \u00d6stersund. Nanne Gr\u00f6nvall upptr\u00e4der runt 22.30.<br><br>K\u00f6p biljetter h\u00e4r: <a href=\"https:\/\/pridefesten.confetti.events\/\">https:\/\/pridefesten.confetti.events\/<\/a><\/p>","protected":false},"excerpt":{"rendered":"<p>Pridefesten f\u00f6rgylls i \u00e5r av schlagerdrottningen Nanne Gr\u00f6nvall! Med fullt \u00f6s och stor gl\u00e4dje har hon gett oss hits som \u201dH\u00e5ll Om Mig\u201d, \u201dAvundsjuk\u201d, \u201dDen Vilda\u201d, \u201dHighland\u201d och \u201dAlexandra\u201d. F\u00f6rutom de egna hitsen ligger hon bakom Cecilia Vennerstens \u201dDet Vackraste\u201d och Arvingarnas \u201dI Do\u201d bland annat. V\u00e4lkommen till den glittrande \u201cPridefesten \u2013 Come Together!\u201d p\u00e5 [&hellip;]<\/p>\n","protected":false},"author":8,"featured_media":5903,"comment_status":"open","ping_status":"open","sticky":false,"template":"","format":"standard","meta":{"footnotes":""},"categories":[6],"tags":[],"class_list":{"0":"post-5902","1":"post","2":"type-post","3":"status-publish","4":"format-standard","5":"has-post-thumbnail","7":"category-nyheter","8":"czr-hentry"},"_links":{"self":[{"href":"https:\/\/ostersundpride.se\/sma\/wp-json\/wp\/v2\/posts\/5902","targetHints":{"allow":["GET"]}}],"collection":[{"href":"https:\/\/ostersundpride.se\/sma\/wp-json\/wp\/v2\/posts"}],"about":[{"href":"https:\/\/ostersundpride.se\/sma\/wp-json\/wp\/v2\/types\/post"}],"author":[{"embeddable":true,"href":"https:\/\/ostersundpride.se\/sma\/wp-json\/wp\/v2\/users\/8"}],"replies":[{"embeddable":true,"href":"https:\/\/ostersundpride.se\/sma\/wp-json\/wp\/v2\/comments?post=5902"}],"version-history":[{"count":5,"href":"https:\/\/ostersundpride.se\/sma\/wp-json\/wp\/v2\/posts\/5902\/revisions"}],"predecessor-version":[{"id":5988,"href":"https:\/\/ostersundpride.se\/sma\/wp-json\/wp\/v2\/posts\/5902\/revisions\/5988"}],"wp:featuredmedia":[{"embeddable":true,"href":"https:\/\/ostersundpride.se\/sma\/wp-json\/wp\/v2\/media\/5903"}],"wp:attachment":[{"href":"https:\/\/ostersundpride.se\/sma\/wp-json\/wp\/v2\/media?parent=5902"}],"wp:term":[{"taxonomy":"category","embeddable":true,"href":"https:\/\/ostersundpride.se\/sma\/wp-json\/wp\/v2\/categories?post=5902"},{"taxonomy":"post_tag","embeddable":true,"href":"https:\/\/ostersundpride.se\/sma\/wp-json\/wp\/v2\/tags?post=5902"}],"curies":[{"name":"wp","href":"https:\/\/api.w.org\/{rel}","templated":true}]}}